{"id":83,"date":"2009-07-08T16:55:03","date_gmt":"2009-07-08T19:55:03","guid":{"rendered":"http:\/\/lidis.ufrj.br\/blog\/?p=83"},"modified":"2014-09-05T11:49:39","modified_gmt":"2014-09-05T14:49:39","slug":"83","status":"publish","type":"post","link":"https:\/\/blog.lidis.ufrj.br\/?p=83","title":{"rendered":"Cronograma para finaliza\u00e7\u00e3o do projeto Pegada."},"content":{"rendered":"<p>15\/07:<\/p>\n<p>1. Silvana, Marina e Augusto &#8211; lixo e transporte: aluno (Silvana, Augusto e Marina) e professor com fase 4 (Marina).<br \/>\n2. Marina \/ Fase 4 &#8211; lixo &#8211; Passar para Bia revisar &#8211; volta pra Gabi e autora<br \/>\n3. Alina \/ Fase 4 &#8211; Agua e Energia &#8211; Passar para Bia revisar &#8211; volta pra Gabi e autora<br \/>\n4. Maira \/ Fase 4 &#8211; Consumo e Alimenta\u00e7\u00e3o &#8211; Passar para Bia revisar &#8211; volta pra Gabi e autora<br \/>\n5. Diagramadores e ilustradores Balan\u00e7o das ilustra\u00e7\u00f5es por tema &#8211; acompanhamento<\/p>\n<p>21\/07<\/p>\n<p>1. Material diagramado do aluno (Lia, Augusto e Silvana) com ilustra\u00e7\u00f5es.<br \/>\n2. Material do professor finalizado com a fase 4 revisada inclu\u00edda (todos os temas menos lixo e transporte) &#8211; Salva no computador do LAB.<br \/>\n3. Apresenta\u00e7\u00e3o do material da fase 4 revisado (Bia, Gabi e autoras)<\/p>\n<p>28\/07<\/p>\n<p>AGENDAR COM O CIEP PARA APRESENTA\u00c7\u00c3O DO MATERIAL EM POWER POINT. CONTATO COM A GR\u00c1FICA PARA OR\u00c7AMENTO. RETORNO DO MATERIAL DO ALUNO COM REVIS\u00c3O DE PORTUGU\u00caS. CORRE\u00c7\u00c3O, DIAGRAMADORES, DOS ERROS ENCONTRADOS NO ARQUIVO DIAGRAMADO.<\/p>\n<p><a href=\"http:\/\/lidis.ufrj.br\/blog\/wp-content\/uploads\/2011\/09\/avatar.jpg\"><img loading=\"lazy\" decoding=\"async\" class=\"aligncenter size-full wp-image-327\" title=\"LABDIS\" src=\"http:\/\/lidis.ufrj.br\/blog\/wp-content\/uploads\/2011\/09\/avatar.jpg\" alt=\"LABDIS\" width=\"43\" height=\"43\" \/><\/a><\/p>\n","protected":false},"excerpt":{"rendered":"<p>15\/07: 1. Silvana, Marina e Augusto &#8211; lixo e transporte: aluno (Silvana, Augusto e Marina) e professor com fase 4 &hellip; <a href=\"https:\/\/blog.lidis.ufrj.br\/?p=83\" class=\"more-link\">Continuar lendo <span class=\"screen-reader-text\">Cronograma para finaliza\u00e7\u00e3o do projeto Pegada.<\/span><\/a><\/p>\n","protected":false},"author":2,"featured_media":0,"comment_status":"closed","ping_status":"open","sticky":false,"template":"","format":"standard","meta":{"footnotes":""},"categories":[6,5],"tags":[],"class_list":["post-83","post","type-post","status-publish","format-standard","hentry","category-cat19","category-cat17"],"_links":{"self":[{"href":"https:\/\/blog.lidis.ufrj.br\/index.php?rest_route=\/wp\/v2\/posts\/83","targetHints":{"allow":["GET"]}}],"collection":[{"href":"https:\/\/blog.lidis.ufrj.br\/index.php?rest_route=\/wp\/v2\/posts"}],"about":[{"href":"https:\/\/blog.lidis.ufrj.br\/index.php?rest_route=\/wp\/v2\/types\/post"}],"author":[{"embeddable":true,"href":"https:\/\/blog.lidis.ufrj.br\/index.php?rest_route=\/wp\/v2\/users\/2"}],"replies":[{"embeddable":true,"href":"https:\/\/blog.lidis.ufrj.br\/index.php?rest_route=%2Fwp%2Fv2%2Fcomments&post=83"}],"version-history":[{"count":5,"href":"https:\/\/blog.lidis.ufrj.br\/index.php?rest_route=\/wp\/v2\/posts\/83\/revisions"}],"predecessor-version":[{"id":1381,"href":"https:\/\/blog.lidis.ufrj.br\/index.php?rest_route=\/wp\/v2\/posts\/83\/revisions\/1381"}],"wp:attachment":[{"href":"https:\/\/blog.lidis.ufrj.br\/index.php?rest_route=%2Fwp%2Fv2%2Fmedia&parent=83"}],"wp:term":[{"taxonomy":"category","embeddable":true,"href":"https:\/\/blog.lidis.ufrj.br\/index.php?rest_route=%2Fwp%2Fv2%2Fcategories&post=83"},{"taxonomy":"post_tag","embeddable":true,"href":"https:\/\/blog.lidis.ufrj.br\/index.php?rest_route=%2Fwp%2Fv2%2Ftags&post=83"}],"curies":[{"name":"wp","href":"https:\/\/api.w.org\/{rel}","templated":true}]}}