{"id":58,"date":"2008-12-09T16:18:35","date_gmt":"2008-12-09T18:18:35","guid":{"rendered":"http:\/\/lidis.ufrj.br\/blog\/?p=58"},"modified":"2014-09-05T11:49:39","modified_gmt":"2014-09-05T14:49:39","slug":"encontros-do-pegada-nas-escolas","status":"publish","type":"post","link":"https:\/\/blog.lidis.ufrj.br\/?p=58","title":{"rendered":"Encontros do Pegada nas Escolas"},"content":{"rendered":"<p>Nos dias 1 e 3 de dezembro, realizamos no LABDIS uma apresenta\u00e7\u00e3o do projeto Pegada nas Escolas.<br \/>\nNa segunda-feira estavam presentes a Diretora Adjunta M\u00e1rcia Milam e a Professora Rita de C\u00e1ssia, ambas representantes do CIEP Jo\u00e3o Mangabeira (Localizado na Ilha do Governador), a Prof\u00aa Irina Arag\u00e3o, do Design da PUC-RJ.<br \/>\nNa quarta-feira, estavam presentes os estudantes da gradua\u00e7\u00e3o de Design-UFRJ, Camila Marins, Narayan Silva, Carolina Pereira, a mestranda da Eng. de Produ\u00e7\u00e3o, graduada em Design-UFRJ, Beatriz Watanabe, e a representante da Ag\u00eancia de Inova\u00e7\u00e3o, Iris Souza.<br \/>\nAgradecemos a participa\u00e7\u00e3o de todos, especialmente de M\u00e1rcia, Rita e Iris!<\/p>\n<p>Nesse encontro de segunda-feira, ficou combinado a realiza\u00e7\u00e3o de uma apresenta\u00e7\u00e3o do projeto no pr\u00f3prio CIEP para dia 10 de dezembro. Demos in\u00edcio a uma articula\u00e7\u00e3o com escolas pr\u00f3ximas do CIEP e com a Escola Tenente Ant\u00f4nio Jo\u00e3o, localizada na Ilha do Fund\u00e3o.<\/p>\n<p><a href=\"http:\/\/lidis.ufrj.br\/blog\/wp-content\/uploads\/2011\/09\/avatar.jpg\"><img loading=\"lazy\" decoding=\"async\" class=\"aligncenter size-full wp-image-327\" title=\"LABDIS\" src=\"http:\/\/lidis.ufrj.br\/blog\/wp-content\/uploads\/2011\/09\/avatar.jpg\" alt=\"LABDIS\" width=\"43\" height=\"43\" \/><\/a><\/p>\n","protected":false},"excerpt":{"rendered":"<p>Nos dias 1 e 3 de dezembro, realizamos no LABDIS uma apresenta\u00e7\u00e3o do projeto Pegada nas Escolas. Na segunda-feira estavam &hellip; <a href=\"https:\/\/blog.lidis.ufrj.br\/?p=58\" class=\"more-link\">Continuar lendo <span class=\"screen-reader-text\">Encontros do Pegada nas Escolas<\/span><\/a><\/p>\n","protected":false},"author":2,"featured_media":0,"comment_status":"closed","ping_status":"open","sticky":false,"template":"","format":"standard","meta":{"footnotes":""},"categories":[6],"tags":[],"class_list":["post-58","post","type-post","status-publish","format-standard","hentry","category-cat19"],"_links":{"self":[{"href":"https:\/\/blog.lidis.ufrj.br\/index.php?rest_route=\/wp\/v2\/posts\/58","targetHints":{"allow":["GET"]}}],"collection":[{"href":"https:\/\/blog.lidis.ufrj.br\/index.php?rest_route=\/wp\/v2\/posts"}],"about":[{"href":"https:\/\/blog.lidis.ufrj.br\/index.php?rest_route=\/wp\/v2\/types\/post"}],"author":[{"embeddable":true,"href":"https:\/\/blog.lidis.ufrj.br\/index.php?rest_route=\/wp\/v2\/users\/2"}],"replies":[{"embeddable":true,"href":"https:\/\/blog.lidis.ufrj.br\/index.php?rest_route=%2Fwp%2Fv2%2Fcomments&post=58"}],"version-history":[{"count":3,"href":"https:\/\/blog.lidis.ufrj.br\/index.php?rest_route=\/wp\/v2\/posts\/58\/revisions"}],"predecessor-version":[{"id":1395,"href":"https:\/\/blog.lidis.ufrj.br\/index.php?rest_route=\/wp\/v2\/posts\/58\/revisions\/1395"}],"wp:attachment":[{"href":"https:\/\/blog.lidis.ufrj.br\/index.php?rest_route=%2Fwp%2Fv2%2Fmedia&parent=58"}],"wp:term":[{"taxonomy":"category","embeddable":true,"href":"https:\/\/blog.lidis.ufrj.br\/index.php?rest_route=%2Fwp%2Fv2%2Fcategories&post=58"},{"taxonomy":"post_tag","embeddable":true,"href":"https:\/\/blog.lidis.ufrj.br\/index.php?rest_route=%2Fwp%2Fv2%2Ftags&post=58"}],"curies":[{"name":"wp","href":"https:\/\/api.w.org\/{rel}","templated":true}]}}