{"id":45,"date":"2008-10-23T12:56:57","date_gmt":"2008-10-23T14:56:57","guid":{"rendered":"http:\/\/lidis.ufrj.br\/blog\/?p=45"},"modified":"2014-09-05T11:49:40","modified_gmt":"2014-09-05T14:49:40","slug":"reuniao-2210","status":"publish","type":"post","link":"https:\/\/blog.lidis.ufrj.br\/?p=45","title":{"rendered":"Reuni\u00e3o 22\/10"},"content":{"rendered":"<p>Foi realizada nesta quarta-feira dia 22 de outubro de 2008 mais uma reuni\u00e3o para apresenta\u00e7\u00e3o dos trabalhos da Jornada de Inicia\u00e7\u00e3o Cint\u00edfica e do Congresso de Extens\u00e3o. Foram apresentados os trabalhos\u00a0<strong>Pegada nas Escolas<\/strong>\u00a0e\u00a0<strong>Design e Inova\u00e7\u00e3o Social no Entorno do Fund\u00e3o<\/strong>.<br \/>\nA data dos projetos, realizados pelo labdis, apresentados na Jornada ser\u00e3o:<\/p>\n<p>Design em Iniciativas Populares &#8211; Um projeto de extens\u00e3o com foco nos jovens entre 18 e 24 anos do entorno da Cidade Universit\u00e1ria<br \/>\n<strong>Sess\u00e3o 01 &#8211; EBA (oral) dia 03\/11 de 16:00 as 16:15.<\/strong><br \/>\n<em>Este trabalho ser\u00e1 apresentado no congreso de Extens\u00e3o com o t\u00edtulo<strong>Design e Inova\u00e7\u00e3o social no Entorno do Fund\u00e3o<\/strong><\/em><\/p>\n<p>Pegada nas Escolas: uma a\u00e7\u00e3o transdisciplinar de educa\u00e7\u00e3o n\u00e3o-formal dirigida aos estudantes do 6\u00ba ao 9\u00ba ano de escolas p\u00fablicas do Estado do Rio de Janeiro<br \/>\n<strong>EBA &#8211; sess\u00e3o UFRJ &#8211; EBA &#8211; Painel dia 03\/11 de 9:45 as 10:00.<\/strong><\/p>\n<p>Ensinando conceitos de economia solid\u00e1ria e design para a sustentabilidade, de forma l\u00fadica, atrav\u00e9s do jogo de tabuleiro Quimera<br \/>\n<strong>EBA &#8211; sess\u00e3o UFRJ &#8211; EBA &#8211; Painel dia 03\/11 de 10:45 as 11:00<\/strong><\/p>\n<p>Jogo educativo de estrat\u00e9gia para criar simula\u00e7\u00e3o de sustentabilidade<br \/>\n<strong>Sess\u00e3o 01 &#8211; EBA (oral) dia 03\/11 de 15:45 as 16:00<\/strong><\/p>\n<p>As apresenta\u00e7\u00f5es orais ser\u00e3o no audit\u00f3rio da EBA &#8211; sala 614 &#8211; e os posters ser\u00e3o no Bloco A do CT.<a href=\"http:\/\/lidis.ufrj.br\/blog\/wp-content\/uploads\/2011\/09\/avatar.jpg\"><img loading=\"lazy\" decoding=\"async\" class=\"aligncenter size-full wp-image-327\" title=\"LABDIS\" src=\"http:\/\/lidis.ufrj.br\/blog\/wp-content\/uploads\/2011\/09\/avatar.jpg\" alt=\"LABDIS\" width=\"43\" height=\"43\" \/><\/a><\/p>\n","protected":false},"excerpt":{"rendered":"<p>Foi realizada nesta quarta-feira dia 22 de outubro de 2008 mais uma reuni\u00e3o para apresenta\u00e7\u00e3o dos trabalhos da Jornada de &hellip; <a href=\"https:\/\/blog.lidis.ufrj.br\/?p=45\" class=\"more-link\">Continuar lendo <span class=\"screen-reader-text\">Reuni\u00e3o 22\/10<\/span><\/a><\/p>\n","protected":false},"author":2,"featured_media":0,"comment_status":"closed","ping_status":"open","sticky":false,"template":"","format":"standard","meta":{"footnotes":""},"categories":[5],"tags":[],"class_list":["post-45","post","type-post","status-publish","format-standard","hentry","category-cat17"],"_links":{"self":[{"href":"https:\/\/blog.lidis.ufrj.br\/index.php?rest_route=\/wp\/v2\/posts\/45","targetHints":{"allow":["GET"]}}],"collection":[{"href":"https:\/\/blog.lidis.ufrj.br\/index.php?rest_route=\/wp\/v2\/posts"}],"about":[{"href":"https:\/\/blog.lidis.ufrj.br\/index.php?rest_route=\/wp\/v2\/types\/post"}],"author":[{"embeddable":true,"href":"https:\/\/blog.lidis.ufrj.br\/index.php?rest_route=\/wp\/v2\/users\/2"}],"replies":[{"embeddable":true,"href":"https:\/\/blog.lidis.ufrj.br\/index.php?rest_route=%2Fwp%2Fv2%2Fcomments&post=45"}],"version-history":[{"count":3,"href":"https:\/\/blog.lidis.ufrj.br\/index.php?rest_route=\/wp\/v2\/posts\/45\/revisions"}],"predecessor-version":[{"id":1403,"href":"https:\/\/blog.lidis.ufrj.br\/index.php?rest_route=\/wp\/v2\/posts\/45\/revisions\/1403"}],"wp:attachment":[{"href":"https:\/\/blog.lidis.ufrj.br\/index.php?rest_route=%2Fwp%2Fv2%2Fmedia&parent=45"}],"wp:term":[{"taxonomy":"category","embeddable":true,"href":"https:\/\/blog.lidis.ufrj.br\/index.php?rest_route=%2Fwp%2Fv2%2Fcategories&post=45"},{"taxonomy":"post_tag","embeddable":true,"href":"https:\/\/blog.lidis.ufrj.br\/index.php?rest_route=%2Fwp%2Fv2%2Ftags&post=45"}],"curies":[{"name":"wp","href":"https:\/\/api.w.org\/{rel}","templated":true}]}}