{"id":39,"date":"2008-09-25T16:25:01","date_gmt":"2008-09-25T19:25:01","guid":{"rendered":"http:\/\/lidis.ufrj.br\/blog\/?p=39"},"modified":"2014-09-05T11:49:40","modified_gmt":"2014-09-05T14:49:40","slug":"ilha-design-2008","status":"publish","type":"post","link":"https:\/\/blog.lidis.ufrj.br\/?p=39","title":{"rendered":"Ilha Design 2008"},"content":{"rendered":"<p>O Ilha Design \u00e9 um projeto de alunos do curso de Comunica\u00e7\u00e3o Visual Design da Escola de Belas Artes da UFRJ e tem como objetivo introduzir o Design e a Arte como formas de inclus\u00e3o social e cultural atrav\u00e9s de um projeto com atividades pr\u00e1ticas ministradas para estudantes de uma comunidade. Repetindo o sucesso do ano passado, o evento ocorre este ano em Ilha Grande, nos dias 29, 30 e 31 de outubro. Por\u00e9m os organizadores est\u00e3o com grande dificuldade com rela\u00e7\u00e3o \u00e0 patroc\u00ednio.<br \/>\n<strong><br \/>\nDivilguem esse projeto, qualquer tipo de apoio \u00e9 bem vindo!<\/strong><\/p>\n<p>maiores informa\u00e7\u00f5es:\u00a0<a href=\"http:\/\/www.ilhadesign.com.br\/\">http:\/\/www.ilhadesign.com.br\/<\/a><\/p>\n<p>Uma outra forma de ajudar \u00e9 participando do concurso \u201cEstampe a camisa do Ilha Design&#8221;, onde basta criar uma estampa para nossa camiseta. O valor simb\u00f3lico de inscri\u00e7\u00e3o \u00e9 de R$5,00, que ser\u00e1 revertido para o projeto. Inscri\u00e7\u00f5es at\u00e9 3\/10.<a href=\"http:\/\/lidis.ufrj.br\/blog\/wp-content\/uploads\/2011\/09\/avatar.jpg\"><img loading=\"lazy\" decoding=\"async\" class=\"aligncenter size-full wp-image-327\" title=\"LABDIS\" src=\"http:\/\/lidis.ufrj.br\/blog\/wp-content\/uploads\/2011\/09\/avatar.jpg\" alt=\"LABDIS\" width=\"43\" height=\"43\" \/><\/a><\/p>\n","protected":false},"excerpt":{"rendered":"<p>O Ilha Design \u00e9 um projeto de alunos do curso de Comunica\u00e7\u00e3o Visual Design da Escola de Belas Artes da &hellip; <a href=\"https:\/\/blog.lidis.ufrj.br\/?p=39\" class=\"more-link\">Continuar lendo <span class=\"screen-reader-text\">Ilha Design 2008<\/span><\/a><\/p>\n","protected":false},"author":2,"featured_media":0,"comment_status":"closed","ping_status":"open","sticky":false,"template":"","format":"standard","meta":{"footnotes":""},"categories":[7],"tags":[],"class_list":["post-39","post","type-post","status-publish","format-standard","hentry","category-ilha-design-e-pegada-nas"],"_links":{"self":[{"href":"https:\/\/blog.lidis.ufrj.br\/index.php?rest_route=\/wp\/v2\/posts\/39","targetHints":{"allow":["GET"]}}],"collection":[{"href":"https:\/\/blog.lidis.ufrj.br\/index.php?rest_route=\/wp\/v2\/posts"}],"about":[{"href":"https:\/\/blog.lidis.ufrj.br\/index.php?rest_route=\/wp\/v2\/types\/post"}],"author":[{"embeddable":true,"href":"https:\/\/blog.lidis.ufrj.br\/index.php?rest_route=\/wp\/v2\/users\/2"}],"replies":[{"embeddable":true,"href":"https:\/\/blog.lidis.ufrj.br\/index.php?rest_route=%2Fwp%2Fv2%2Fcomments&post=39"}],"version-history":[{"count":3,"href":"https:\/\/blog.lidis.ufrj.br\/index.php?rest_route=\/wp\/v2\/posts\/39\/revisions"}],"predecessor-version":[{"id":1409,"href":"https:\/\/blog.lidis.ufrj.br\/index.php?rest_route=\/wp\/v2\/posts\/39\/revisions\/1409"}],"wp:attachment":[{"href":"https:\/\/blog.lidis.ufrj.br\/index.php?rest_route=%2Fwp%2Fv2%2Fmedia&parent=39"}],"wp:term":[{"taxonomy":"category","embeddable":true,"href":"https:\/\/blog.lidis.ufrj.br\/index.php?rest_route=%2Fwp%2Fv2%2Fcategories&post=39"},{"taxonomy":"post_tag","embeddable":true,"href":"https:\/\/blog.lidis.ufrj.br\/index.php?rest_route=%2Fwp%2Fv2%2Ftags&post=39"}],"curies":[{"name":"wp","href":"https:\/\/api.w.org\/{rel}","templated":true}]}}