{"id":36,"date":"2008-09-10T13:31:47","date_gmt":"2008-09-10T16:31:47","guid":{"rendered":"http:\/\/lidis.ufrj.br\/blog\/?p=36"},"modified":"2014-09-05T11:49:40","modified_gmt":"2014-09-05T14:49:40","slug":"design-inovacao-social-e-desenvolvimento-sustentavel-ii","status":"publish","type":"post","link":"https:\/\/blog.lidis.ufrj.br\/?p=36","title":{"rendered":"DESIGN, INOVA\u00c7\u00c3O SOCIAL E DESENVOLVIMENTO SUSTENT\u00c1VEL II"},"content":{"rendered":"<p>O Programa de Engenharia de Produ\u00e7\u00e3o da COPPE trar\u00e1, em setembro<br \/>\nde 2008, o Professor Ezio Manzini do Polit\u00e9cnico de Mil\u00e3o,<br \/>\natrav\u00e9s do Programa de Altos Estudos da CAPES, para lecionar a segunda parte da disciplina Design, Inova\u00e7\u00e3o Social e Desenvolvimento Sustent\u00e1vel.<br \/>\n<strong>As atividades do curso ser\u00e3o realizadas entre os dias 22\/09 e 26\/09, sendo os dias 22, 23 e 24 abertos para todos os estudantes interessados. As inscri\u00e7\u00f5es j\u00e1 est\u00e3o abertas e v\u00e3o at\u00e9 o dia 15\/09.<br \/>\n<\/strong><br \/>\n<strong>Baixe o formul\u00e1rio de inscri\u00e7\u00e3o no site:<\/strong><br \/>\n<a href=\"http:\/\/www.producao.ufrj.br\/design.isds\/2008\/inscricao.htm\">http:\/\/www.producao.ufrj.br\/design.isds\/2008\/inscricao.htm<\/a><a href=\"http:\/\/lidis.ufrj.br\/blog\/wp-content\/uploads\/2011\/09\/avatar.jpg\"><img loading=\"lazy\" decoding=\"async\" class=\"aligncenter size-full wp-image-327\" title=\"LABDIS\" src=\"http:\/\/lidis.ufrj.br\/blog\/wp-content\/uploads\/2011\/09\/avatar.jpg\" alt=\"LABDIS\" width=\"43\" height=\"43\" \/><\/a><\/p>\n","protected":false},"excerpt":{"rendered":"<p>O Programa de Engenharia de Produ\u00e7\u00e3o da COPPE trar\u00e1, em setembro de 2008, o Professor Ezio Manzini do Polit\u00e9cnico de &hellip; <a href=\"https:\/\/blog.lidis.ufrj.br\/?p=36\" class=\"more-link\">Continuar lendo <span class=\"screen-reader-text\">DESIGN, INOVA\u00c7\u00c3O SOCIAL E DESENVOLVIMENTO SUSTENT\u00c1VEL II<\/span><\/a><\/p>\n","protected":false},"author":2,"featured_media":0,"comment_status":"closed","ping_status":"open","sticky":false,"template":"","format":"standard","meta":{"footnotes":""},"categories":[8],"tags":[],"class_list":["post-36","post","type-post","status-publish","format-standard","hentry","category-cat22"],"_links":{"self":[{"href":"https:\/\/blog.lidis.ufrj.br\/index.php?rest_route=\/wp\/v2\/posts\/36","targetHints":{"allow":["GET"]}}],"collection":[{"href":"https:\/\/blog.lidis.ufrj.br\/index.php?rest_route=\/wp\/v2\/posts"}],"about":[{"href":"https:\/\/blog.lidis.ufrj.br\/index.php?rest_route=\/wp\/v2\/types\/post"}],"author":[{"embeddable":true,"href":"https:\/\/blog.lidis.ufrj.br\/index.php?rest_route=\/wp\/v2\/users\/2"}],"replies":[{"embeddable":true,"href":"https:\/\/blog.lidis.ufrj.br\/index.php?rest_route=%2Fwp%2Fv2%2Fcomments&post=36"}],"version-history":[{"count":3,"href":"https:\/\/blog.lidis.ufrj.br\/index.php?rest_route=\/wp\/v2\/posts\/36\/revisions"}],"predecessor-version":[{"id":1411,"href":"https:\/\/blog.lidis.ufrj.br\/index.php?rest_route=\/wp\/v2\/posts\/36\/revisions\/1411"}],"wp:attachment":[{"href":"https:\/\/blog.lidis.ufrj.br\/index.php?rest_route=%2Fwp%2Fv2%2Fmedia&parent=36"}],"wp:term":[{"taxonomy":"category","embeddable":true,"href":"https:\/\/blog.lidis.ufrj.br\/index.php?rest_route=%2Fwp%2Fv2%2Fcategories&post=36"},{"taxonomy":"post_tag","embeddable":true,"href":"https:\/\/blog.lidis.ufrj.br\/index.php?rest_route=%2Fwp%2Fv2%2Ftags&post=36"}],"curies":[{"name":"wp","href":"https:\/\/api.w.org\/{rel}","templated":true}]}}