{"id":2178,"date":"2023-07-07T13:30:15","date_gmt":"2023-07-07T13:30:15","guid":{"rendered":"https:\/\/blog.lidis.ufrj.br\/?p=2178"},"modified":"2023-07-07T13:31:25","modified_gmt":"2023-07-07T13:31:25","slug":"seminario-de-encerramento-2023-1","status":"publish","type":"post","link":"https:\/\/blog.lidis.ufrj.br\/?p=2178","title":{"rendered":"Semin\u00e1rio de encerramento &#8211; 2023.1"},"content":{"rendered":"\n<p>Apresenta\u00e7\u00e3o do semin\u00e1rio de encerramento do per\u00edodo de 2023.1 ocorrer\u00e1 dia 12 de julho de 2023, \u00e0s 14h e ser\u00e1 transmitido ao vivo pelo Youtube.<\/p>\n\n\n\n<p>Os apresentadores ser\u00e3o Brenda Fernandes, Jo\u00e3o Pedro Batista e Juliana Fernandes, orientados por Beany Monteiro.<\/p>\n\n\n\n<p>Link da live do semin\u00e1rio:<strong> <\/strong><a href=\"https:\/\/www.youtube.com\/live\/XmLB4GxTskE?feature=share\"><code><strong>https:\/\/www.youtube.com\/live\/XmLB4GxTskE?feature=share<\/strong><\/code><\/a><\/p>\n\n\n\n<figure class=\"wp-block-image size-large\"><a href=\"https:\/\/blog.lidis.ufrj.br\/wp-content\/uploads\/2023\/07\/Divulgacao.png\"><img loading=\"lazy\" decoding=\"async\" width=\"1024\" height=\"1024\" src=\"https:\/\/blog.lidis.ufrj.br\/wp-content\/uploads\/2023\/07\/Divulgacao-1024x1024.png\" alt=\"\" class=\"wp-image-2179\" srcset=\"https:\/\/blog.lidis.ufrj.br\/wp-content\/uploads\/2023\/07\/Divulgacao-1024x1024.png 1024w, https:\/\/blog.lidis.ufrj.br\/wp-content\/uploads\/2023\/07\/Divulgacao-300x300.png 300w, https:\/\/blog.lidis.ufrj.br\/wp-content\/uploads\/2023\/07\/Divulgacao-150x150.png 150w, https:\/\/blog.lidis.ufrj.br\/wp-content\/uploads\/2023\/07\/Divulgacao-768x768.png 768w, https:\/\/blog.lidis.ufrj.br\/wp-content\/uploads\/2023\/07\/Divulgacao.png 1080w\" sizes=\"auto, (max-width: 1024px) 100vw, 1024px\" \/><\/a><\/figure>\n","protected":false},"excerpt":{"rendered":"<p>Apresenta\u00e7\u00e3o do semin\u00e1rio de encerramento do per\u00edodo de 2023.1 ocorrer\u00e1 dia 12 de julho de 2023, \u00e0s 14h e ser\u00e1 &hellip; <a href=\"https:\/\/blog.lidis.ufrj.br\/?p=2178\" class=\"more-link\">Continuar lendo <span class=\"screen-reader-text\">Semin\u00e1rio de encerramento &#8211; 2023.1<\/span><\/a><\/p>\n","protected":false},"author":2,"featured_media":0,"comment_status":"closed","ping_status":"open","sticky":false,"template":"","format":"standard","meta":{"footnotes":""},"categories":[1],"tags":[],"class_list":["post-2178","post","type-post","status-publish","format-standard","hentry","category-ic_ext_labdis_2023_1"],"_links":{"self":[{"href":"https:\/\/blog.lidis.ufrj.br\/index.php?rest_route=\/wp\/v2\/posts\/2178","targetHints":{"allow":["GET"]}}],"collection":[{"href":"https:\/\/blog.lidis.ufrj.br\/index.php?rest_route=\/wp\/v2\/posts"}],"about":[{"href":"https:\/\/blog.lidis.ufrj.br\/index.php?rest_route=\/wp\/v2\/types\/post"}],"author":[{"embeddable":true,"href":"https:\/\/blog.lidis.ufrj.br\/index.php?rest_route=\/wp\/v2\/users\/2"}],"replies":[{"embeddable":true,"href":"https:\/\/blog.lidis.ufrj.br\/index.php?rest_route=%2Fwp%2Fv2%2Fcomments&post=2178"}],"version-history":[{"count":2,"href":"https:\/\/blog.lidis.ufrj.br\/index.php?rest_route=\/wp\/v2\/posts\/2178\/revisions"}],"predecessor-version":[{"id":2181,"href":"https:\/\/blog.lidis.ufrj.br\/index.php?rest_route=\/wp\/v2\/posts\/2178\/revisions\/2181"}],"wp:attachment":[{"href":"https:\/\/blog.lidis.ufrj.br\/index.php?rest_route=%2Fwp%2Fv2%2Fmedia&parent=2178"}],"wp:term":[{"taxonomy":"category","embeddable":true,"href":"https:\/\/blog.lidis.ufrj.br\/index.php?rest_route=%2Fwp%2Fv2%2Fcategories&post=2178"},{"taxonomy":"post_tag","embeddable":true,"href":"https:\/\/blog.lidis.ufrj.br\/index.php?rest_route=%2Fwp%2Fv2%2Ftags&post=2178"}],"curies":[{"name":"wp","href":"https:\/\/api.w.org\/{rel}","templated":true}]}}