{"id":1990,"date":"2020-08-24T19:02:06","date_gmt":"2020-08-24T22:02:06","guid":{"rendered":"http:\/\/blog.lidis.ufrj.br\/?p=1990"},"modified":"2020-08-24T19:34:42","modified_gmt":"2020-08-24T22:34:42","slug":"link-para-os-encontros-dos-projetos-pegada-nas-escolas-e-redesign-uma-plataforma-habilitados-para-inovacoes-sociais-autonomas","status":"publish","type":"post","link":"https:\/\/blog.lidis.ufrj.br\/?p=1990","title":{"rendered":"Link para os encontros dos Projetos Pegada nas Escolas e REDEsign: uma plataforma habilitadora para inova\u00e7\u00f5es sociais aut\u00f4nomas"},"content":{"rendered":"<p>Os encontros acontecer\u00e3o as ter\u00e7as, de 14:00 as 16:00, a partir do dia 08\/09. Estudantes inscritos pelo SIGA no Projeto Pegada nas Escolas:<\/p>\n<ol>\n<li>JECIE DE ARAUJO GONCALVES<\/li>\n<li>JULIANA RAMOS FERNANDES<\/li>\n<li>LAIS DE SOUZA ROSAS<\/li>\n<li>MARIA EDUARDA BARREIROS PIO BEZERRA<\/li>\n<li>NATHALIA PASSOS DE MENEZES<\/li>\n<\/ol>\n<p>Link: https:\/\/meet.google.com\/jxe-fvod-vkd<\/p>\n<p><a href=\"http:\/\/blog.lidis.ufrj.br\/wp-content\/uploads\/2015\/07\/cropped-1-start.jpg\"><img loading=\"lazy\" decoding=\"async\" class=\"aligncenter wp-image-1965\" src=\"http:\/\/blog.lidis.ufrj.br\/wp-content\/uploads\/2015\/07\/cropped-1-start.jpg\" alt=\"cropped-1-start.jpg\" width=\"126\" height=\"122\" \/><\/a><\/p>\n","protected":false},"excerpt":{"rendered":"<p>Os encontros acontecer\u00e3o as ter\u00e7as, de 14:00 as 16:00, a partir do dia 08\/09. Estudantes inscritos pelo SIGA no Projeto &hellip; <a href=\"https:\/\/blog.lidis.ufrj.br\/?p=1990\" class=\"more-link\">Continuar lendo <span class=\"screen-reader-text\">Link para os encontros dos Projetos Pegada nas Escolas e REDEsign: uma plataforma habilitadora para inova\u00e7\u00f5es sociais aut\u00f4nomas<\/span><\/a><\/p>\n","protected":false},"author":2,"featured_media":0,"comment_status":"closed","ping_status":"open","sticky":false,"template":"","format":"standard","meta":{"footnotes":""},"categories":[48,26,6,36,5],"tags":[],"class_list":["post-1990","post","type-post","status-publish","format-standard","hentry","category-infomes-labdis","category-labdis","category-cat19","category-rede-autonoma-de-educacao-em-design","category-cat17"],"_links":{"self":[{"href":"https:\/\/blog.lidis.ufrj.br\/index.php?rest_route=\/wp\/v2\/posts\/1990","targetHints":{"allow":["GET"]}}],"collection":[{"href":"https:\/\/blog.lidis.ufrj.br\/index.php?rest_route=\/wp\/v2\/posts"}],"about":[{"href":"https:\/\/blog.lidis.ufrj.br\/index.php?rest_route=\/wp\/v2\/types\/post"}],"author":[{"embeddable":true,"href":"https:\/\/blog.lidis.ufrj.br\/index.php?rest_route=\/wp\/v2\/users\/2"}],"replies":[{"embeddable":true,"href":"https:\/\/blog.lidis.ufrj.br\/index.php?rest_route=%2Fwp%2Fv2%2Fcomments&post=1990"}],"version-history":[{"count":4,"href":"https:\/\/blog.lidis.ufrj.br\/index.php?rest_route=\/wp\/v2\/posts\/1990\/revisions"}],"predecessor-version":[{"id":1994,"href":"https:\/\/blog.lidis.ufrj.br\/index.php?rest_route=\/wp\/v2\/posts\/1990\/revisions\/1994"}],"wp:attachment":[{"href":"https:\/\/blog.lidis.ufrj.br\/index.php?rest_route=%2Fwp%2Fv2%2Fmedia&parent=1990"}],"wp:term":[{"taxonomy":"category","embeddable":true,"href":"https:\/\/blog.lidis.ufrj.br\/index.php?rest_route=%2Fwp%2Fv2%2Fcategories&post=1990"},{"taxonomy":"post_tag","embeddable":true,"href":"https:\/\/blog.lidis.ufrj.br\/index.php?rest_route=%2Fwp%2Fv2%2Ftags&post=1990"}],"curies":[{"name":"wp","href":"https:\/\/api.w.org\/{rel}","templated":true}]}}