{"id":149,"date":"2010-09-11T06:47:49","date_gmt":"2010-09-11T09:47:49","guid":{"rendered":"http:\/\/lidis.ufrj.br\/blog\/?p=149"},"modified":"2014-09-05T11:49:38","modified_gmt":"2014-09-05T14:49:38","slug":"pauta-da-reuniao-deppegadas-13092010","status":"publish","type":"post","link":"https:\/\/blog.lidis.ufrj.br\/?p=149","title":{"rendered":"Pauta da Reuni\u00e3o DEP\/Pegada 13\/09\/2010"},"content":{"rendered":"<p>-Apresenta\u00e7\u00e3o das duas novas interessadas em participar dos projetos do LABDIS: Kwan e Ana Carolina.<\/p>\n<p>\u00b7 DEP:<\/p>\n<p>-Formula\u00e7\u00e3o de uma lista de presen\u00e7a para as oficinas, baseadas na lista do Pegadas.<\/p>\n<p>-Prepara\u00e7\u00e3o das oficinas dos dias 29\/9, 06\/10 e 13\/10, que ser\u00e3o realizadas durante a viagem da prof\u00aa. Beany.<\/p>\n<p>-Prepara\u00e7\u00e3o do material a ser apresentado no congresso de extens\u00e3o.<\/p>\n<p>-Leitura e apresenta\u00e7\u00e3o do material da Lara (Toolkit) para dia 26\/10.<\/p>\n<p>\u00b7 Pegada:<\/p>\n<p>-Agendamento da apresenta\u00e7\u00e3o sobre o Pegada para dia 25\/10 na Escola General Napiom. Prepara\u00e7\u00e3o do material a ser apresentado at\u00e9 dia 18\/09.<\/p>\n<p>-Formula\u00e7\u00e3o de uma historia em quadrinhos para a divulga\u00e7\u00e3o do Pegada (imagens das crian\u00e7as n\u00e3o podem ser divulgadas), com storyboard at\u00e9 dia 25\/10.<\/p>\n<p>&#8211; As pr\u00f3ximas duas oficinas do Pegada ser\u00e3o realizadas sem a presen\u00e7a da prof\u00aa.Beany, que estar\u00e1 trabalhando nos materiais a serem apresentados durante a viagem.<\/p>\n<p>-Livros, adquiridos pelos projetos do LABDIS, devem ser lidos e apresentados em forma de semin\u00e1rio, para dia 26\/10:<\/p>\n<p>Pedro &#8211; &#8220;The Back of Napkin&#8221;<\/p>\n<p>Daniela e Tila &#8211; &#8220;In the Bubble&#8221; (cap2) e texto do projeto de gradua\u00e7\u00e3o da Marina (Ilha de lentid\u00e3o)<\/p>\n<p>\u00b7 Ensaio geral da apresenta\u00e7\u00e3o da Daniela para a JIC -&gt; 14h dia 16\/09 (quinta feira)<\/p>\n<p>\u00b7 Ensaio geral da apresenta\u00e7\u00e3o do Vinicius para a JIC -&gt; 12h30min dia 20\/09 (segunda-feira). Nesse dia as equipes do DEP (Caio, Luciana, Maisa, Joana e Roberto) e Pegada (Carol, Tila e Pedro) v\u00e3o apresentar o banner que eles v\u00e3o desenvolver para o Congresso, bem como o hand out da apresenta\u00e7\u00e3o.<\/p>\n<p>Datas:<\/p>\n<p>16\/09 &#8211; apresenta\u00e7\u00e3o da Daniela<br \/>\n18\/09 &#8211; material do Pegada finalizado<br \/>\n20\/09 &#8211; apresenta\u00e7\u00e3o do Vinicius<br \/>\n26\/09 &#8211; viagem da Beany<br \/>\n29\/09 &#8211; 3\u00aa oficina do DEP<br \/>\n06\/10 &#8211; 4\u00aa oficina do DEP<br \/>\n13\/10 &#8211; 5\u00aa oficina do DEP<br \/>\n25\/10 &#8211; apresenta\u00e7\u00e3o do pegadas com o storyboard<br \/>\n26\/10 &#8211; semin\u00e1rio sobre os livros<\/p>\n<p><a href=\"http:\/\/lidis.ufrj.br\/blog\/wp-content\/uploads\/2011\/09\/avatar.jpg\"><img loading=\"lazy\" decoding=\"async\" class=\"aligncenter size-full wp-image-327\" title=\"LABDIS\" src=\"http:\/\/lidis.ufrj.br\/blog\/wp-content\/uploads\/2011\/09\/avatar.jpg\" alt=\"LABDIS\" width=\"43\" height=\"43\" \/><\/a><\/p>\n","protected":false},"excerpt":{"rendered":"<p>-Apresenta\u00e7\u00e3o das duas novas interessadas em participar dos projetos do LABDIS: Kwan e Ana Carolina. \u00b7 DEP: -Formula\u00e7\u00e3o de uma &hellip; <a href=\"https:\/\/blog.lidis.ufrj.br\/?p=149\" class=\"more-link\">Continuar lendo <span class=\"screen-reader-text\">Pauta da Reuni\u00e3o DEP\/Pegada 13\/09\/2010<\/span><\/a><\/p>\n","protected":false},"author":2,"featured_media":0,"comment_status":"closed","ping_status":"open","sticky":false,"template":"","format":"standard","meta":{"footnotes":""},"categories":[5],"tags":[],"class_list":["post-149","post","type-post","status-publish","format-standard","hentry","category-cat17"],"_links":{"self":[{"href":"https:\/\/blog.lidis.ufrj.br\/index.php?rest_route=\/wp\/v2\/posts\/149","targetHints":{"allow":["GET"]}}],"collection":[{"href":"https:\/\/blog.lidis.ufrj.br\/index.php?rest_route=\/wp\/v2\/posts"}],"about":[{"href":"https:\/\/blog.lidis.ufrj.br\/index.php?rest_route=\/wp\/v2\/types\/post"}],"author":[{"embeddable":true,"href":"https:\/\/blog.lidis.ufrj.br\/index.php?rest_route=\/wp\/v2\/users\/2"}],"replies":[{"embeddable":true,"href":"https:\/\/blog.lidis.ufrj.br\/index.php?rest_route=%2Fwp%2Fv2%2Fcomments&post=149"}],"version-history":[{"count":6,"href":"https:\/\/blog.lidis.ufrj.br\/index.php?rest_route=\/wp\/v2\/posts\/149\/revisions"}],"predecessor-version":[{"id":1344,"href":"https:\/\/blog.lidis.ufrj.br\/index.php?rest_route=\/wp\/v2\/posts\/149\/revisions\/1344"}],"wp:attachment":[{"href":"https:\/\/blog.lidis.ufrj.br\/index.php?rest_route=%2Fwp%2Fv2%2Fmedia&parent=149"}],"wp:term":[{"taxonomy":"category","embeddable":true,"href":"https:\/\/blog.lidis.ufrj.br\/index.php?rest_route=%2Fwp%2Fv2%2Fcategories&post=149"},{"taxonomy":"post_tag","embeddable":true,"href":"https:\/\/blog.lidis.ufrj.br\/index.php?rest_route=%2Fwp%2Fv2%2Ftags&post=149"}],"curies":[{"name":"wp","href":"https:\/\/api.w.org\/{rel}","templated":true}]}}